{"id":508,"date":"2021-06-23T03:27:50","date_gmt":"2021-06-22T18:27:50","guid":{"rendered":"http:\/\/www.violintv.com\/?p=508"},"modified":"2021-06-23T03:31:11","modified_gmt":"2021-06-22T18:31:11","slug":"celloqueen-maria-kliegel-kliegels-cello-family-werner-muller-medley","status":"publish","type":"post","link":"http:\/\/www.violintv.com\/?p=508","title":{"rendered":"CelloQueen Maria Kliegel &#038; Kliegels Cello Family : Werner M\u00fcller Medley"},"content":{"rendered":"\n<figure class=\"wp-block-embed is-type-video is-provider-youtube wp-block-embed-youtube wp-embed-aspect-16-9 wp-has-aspect-ratio\"><div class=\"wp-block-embed__wrapper\">\n<iframe loading=\"lazy\" title=\"Hommage \u00e1 Maria Kliegel  - 02. Werner M\u00fcller - Medley:  Kliegels Cellofamilie gr\u00fc\u00dft die Welt\" width=\"640\" height=\"360\" src=\"https:\/\/www.youtube.com\/embed\/Y61sfsxyx6U?feature=oembed\" frameborder=\"0\" allow=\"accelerometer; autoplay; clipboard-write; encrypted-media; gyroscope; picture-in-picture\" allowfullscreen><\/iframe>\n<\/div><figcaption><a href=\"https:\/\/www.youtube.com\/watch?v=Y61sfsxyx6U\">Werner M\u00fcller &#8211; Medley: Kliegels Cellofamilie gr\u00fc\u00dft die Welt<\/a><\/figcaption><\/figure>\n\n\n\n<p class=\"has-medium-font-size\"><strong><a href=\"https:\/\/www.youtube.com\/watch?v=Y61sfsxyx6U\">Hochschule f\u00fcr Musik und Tanz K\u00f6ln, 22. Dezember 2017<\/a><\/strong><\/p>\n\n\n\n<figure class=\"wp-block-image size-large\"><img loading=\"lazy\" width=\"1024\" height=\"580\" src=\"http:\/\/www.violintv.com\/wp-content\/uploads\/2021\/06\/7-1024x580.jpg\" alt=\"\" class=\"wp-image-515\" srcset=\"http:\/\/www.violintv.com\/wp-content\/uploads\/2021\/06\/7-1024x580.jpg 1024w, http:\/\/www.violintv.com\/wp-content\/uploads\/2021\/06\/7-300x170.jpg 300w, http:\/\/www.violintv.com\/wp-content\/uploads\/2021\/06\/7-768x435.jpg 768w, http:\/\/www.violintv.com\/wp-content\/uploads\/2021\/06\/7.jpg 1145w\" sizes=\"(max-width: 1024px) 100vw, 1024px\" \/><figcaption><a href=\"https:\/\/www.youtube.com\/watch?v=Y61sfsxyx6U\">Hommage \u00e1 Maria Kliegel &#8211; 02. Werner M\u00fcller &#8211; Medley: Kliegels Cellofamilie gr\u00fc\u00dft die Welt<\/a><\/figcaption><\/figure>\n\n\n\n<figure class=\"wp-block-image size-large\"><img loading=\"lazy\" width=\"1024\" height=\"574\" src=\"http:\/\/www.violintv.com\/wp-content\/uploads\/2021\/06\/maria-1024x574.jpg\" alt=\"\" class=\"wp-image-510\" srcset=\"http:\/\/www.violintv.com\/wp-content\/uploads\/2021\/06\/maria-1024x574.jpg 1024w, http:\/\/www.violintv.com\/wp-content\/uploads\/2021\/06\/maria-300x168.jpg 300w, http:\/\/www.violintv.com\/wp-content\/uploads\/2021\/06\/maria-768x431.jpg 768w, http:\/\/www.violintv.com\/wp-content\/uploads\/2021\/06\/maria.jpg 1152w\" sizes=\"(max-width: 1024px) 100vw, 1024px\" \/><figcaption><a href=\"https:\/\/www.youtube.com\/watch?v=Y61sfsxyx6U\">Hommage \u00e1 Maria Kliegel &#8211; 02. Werner M\u00fcller &#8211; Medley: Kliegels Cellofamilie gr\u00fc\u00dft die Welt<br><\/a><\/figcaption><\/figure>\n\n\n\n<figure class=\"wp-block-image size-large\"><img loading=\"lazy\" width=\"1024\" height=\"574\" src=\"http:\/\/www.violintv.com\/wp-content\/uploads\/2021\/06\/5-1024x574.jpg\" alt=\"\" class=\"wp-image-511\" srcset=\"http:\/\/www.violintv.com\/wp-content\/uploads\/2021\/06\/5-1024x574.jpg 1024w, http:\/\/www.violintv.com\/wp-content\/uploads\/2021\/06\/5-300x168.jpg 300w, http:\/\/www.violintv.com\/wp-content\/uploads\/2021\/06\/5-768x431.jpg 768w, http:\/\/www.violintv.com\/wp-content\/uploads\/2021\/06\/5.jpg 1154w\" sizes=\"(max-width: 1024px) 100vw, 1024px\" \/><figcaption><a href=\"https:\/\/www.youtube.com\/watch?v=Y61sfsxyx6U\">Hommage \u00e1 Maria Kliegel &#8211; 02. Werner M\u00fcller &#8211; Medley: Kliegels Cellofamilie gr\u00fc\u00dft die Welt<\/a><\/figcaption><\/figure>\n\n\n\n<figure class=\"wp-block-image size-large\"><img loading=\"lazy\" width=\"1024\" height=\"576\" src=\"http:\/\/www.violintv.com\/wp-content\/uploads\/2021\/06\/1-1024x576.jpg\" alt=\"\" class=\"wp-image-512\" srcset=\"http:\/\/www.violintv.com\/wp-content\/uploads\/2021\/06\/1-1024x576.jpg 1024w, http:\/\/www.violintv.com\/wp-content\/uploads\/2021\/06\/1-300x169.jpg 300w, http:\/\/www.violintv.com\/wp-content\/uploads\/2021\/06\/1-768x432.jpg 768w, http:\/\/www.violintv.com\/wp-content\/uploads\/2021\/06\/1.jpg 1153w\" sizes=\"(max-width: 1024px) 100vw, 1024px\" \/><figcaption><a href=\"https:\/\/www.youtube.com\/watch?v=Y61sfsxyx6U\">Hommage \u00e1 Maria Kliegel &#8211; 02. Werner M\u00fcller &#8211; Medley: Kliegels Cellofamilie gr\u00fc\u00dft die Welt<\/a><\/figcaption><\/figure>\n\n\n\n<figure class=\"wp-block-image size-large\"><img loading=\"lazy\" width=\"1024\" height=\"572\" src=\"http:\/\/www.violintv.com\/wp-content\/uploads\/2021\/06\/4-1024x572.jpg\" alt=\"\" class=\"wp-image-513\" srcset=\"http:\/\/www.violintv.com\/wp-content\/uploads\/2021\/06\/4-1024x572.jpg 1024w, http:\/\/www.violintv.com\/wp-content\/uploads\/2021\/06\/4-300x168.jpg 300w, http:\/\/www.violintv.com\/wp-content\/uploads\/2021\/06\/4-768x429.jpg 768w, http:\/\/www.violintv.com\/wp-content\/uploads\/2021\/06\/4.jpg 1151w\" sizes=\"(max-width: 1024px) 100vw, 1024px\" \/><figcaption><a href=\"https:\/\/www.youtube.com\/watch?v=Y61sfsxyx6U\">Hommage \u00e1 Maria Kliegel &#8211; 02. Werner M\u00fcller &#8211; Medley: Kliegels Cellofamilie gr\u00fc\u00dft die Welt<\/a><\/figcaption><\/figure>\n\n\n\n<figure class=\"wp-block-image size-large\"><img loading=\"lazy\" width=\"1024\" height=\"579\" src=\"http:\/\/www.violintv.com\/wp-content\/uploads\/2021\/06\/6-1024x579.jpg\" alt=\"\" class=\"wp-image-514\" srcset=\"http:\/\/www.violintv.com\/wp-content\/uploads\/2021\/06\/6-1024x579.jpg 1024w, http:\/\/www.violintv.com\/wp-content\/uploads\/2021\/06\/6-300x170.jpg 300w, http:\/\/www.violintv.com\/wp-content\/uploads\/2021\/06\/6-768x435.jpg 768w, http:\/\/www.violintv.com\/wp-content\/uploads\/2021\/06\/6.jpg 1147w\" sizes=\"(max-width: 1024px) 100vw, 1024px\" \/><figcaption><a href=\"https:\/\/www.youtube.com\/watch?v=Y61sfsxyx6U\">Hommage \u00e1 Maria Kliegel &#8211; 02. Werner M\u00fcller &#8211; Medley: Kliegels Cellofamilie gr\u00fc\u00dft die Welt<\/a><\/figcaption><\/figure>\n\n\n\n<p><\/p>\n","protected":false},"excerpt":{"rendered":"<p>Hochschule f\u00fcr Musik und Tanz K\u00f6ln, 22. Dezember 2017<\/p>\n","protected":false},"author":1,"featured_media":509,"comment_status":"open","ping_status":"open","sticky":false,"template":"","format":"standard","meta":{"spay_email":""},"categories":[11],"tags":[],"jetpack_featured_media_url":"http:\/\/www.violintv.com\/wp-content\/uploads\/2021\/06\/main.jpg","_links":{"self":[{"href":"http:\/\/www.violintv.com\/index.php?rest_route=\/wp\/v2\/posts\/508"}],"collection":[{"href":"http:\/\/www.violintv.com\/index.php?rest_route=\/wp\/v2\/posts"}],"about":[{"href":"http:\/\/www.violintv.com\/index.php?rest_route=\/wp\/v2\/types\/post"}],"author":[{"embeddable":true,"href":"http:\/\/www.violintv.com\/index.php?rest_route=\/wp\/v2\/users\/1"}],"replies":[{"embeddable":true,"href":"http:\/\/www.violintv.com\/index.php?rest_route=%2Fwp%2Fv2%2Fcomments&post=508"}],"version-history":[{"count":3,"href":"http:\/\/www.violintv.com\/index.php?rest_route=\/wp\/v2\/posts\/508\/revisions"}],"predecessor-version":[{"id":518,"href":"http:\/\/www.violintv.com\/index.php?rest_route=\/wp\/v2\/posts\/508\/revisions\/518"}],"wp:featuredmedia":[{"embeddable":true,"href":"http:\/\/www.violintv.com\/index.php?rest_route=\/wp\/v2\/media\/509"}],"wp:attachment":[{"href":"http:\/\/www.violintv.com\/index.php?rest_route=%2Fwp%2Fv2%2Fmedia&parent=508"}],"wp:term":[{"taxonomy":"category","embeddable":true,"href":"http:\/\/www.violintv.com\/index.php?rest_route=%2Fwp%2Fv2%2Fcategories&post=508"},{"taxonomy":"post_tag","embeddable":true,"href":"http:\/\/www.violintv.com\/index.php?rest_route=%2Fwp%2Fv2%2Ftags&post=508"}],"curies":[{"name":"wp","href":"https:\/\/api.w.org\/{rel}","templated":true}]}}